{"id":3821,"date":"2015-04-27T12:40:10","date_gmt":"2015-04-27T11:40:10","guid":{"rendered":"https:\/\/www.coraldebilbao.com\/?p=3821"},"modified":"2015-05-08T10:58:55","modified_gmt":"2015-05-08T09:58:55","slug":"musika-musica-jaialdiaren-inaugurazio-kontzertua","status":"publish","type":"post","link":"https:\/\/www.coraldebilbao.com\/eu\/musika-musica-jaialdiaren-inaugurazio-kontzertua\/","title":{"rendered":"Musika-M\u00fasica Jaialdiaren inaugurazio-kontzertua"},"content":{"rendered":"<p>Euskalduna Jauregiak \u201csarrerak agortuta\u201d kartela zintzilikatu zuen leihatilan Bach eta H\u00e4ndeli eskainitako pasa den Musika-M\u00fasica Jaialdian. Bilboko Koral Elkarteak eta BOSek, Robert Howardek zuzenduta, G. F. H\u00e4ndelen \u201cMesias\u201den pasarte-sorta jo zuten jendez beteriko auditoriumean. Martxoaren 6an hasitako musika-maratoiak iraun zuen hiru egunetan, hirurogei kontzertutik gora eman ziren. Hau izan zen Bilboko Koral Elkarteak jaialdi berezi honen XIV. edizioan betetako hiru konpromisoetariko lehena.<\/p>\n","protected":false},"excerpt":{"rendered":"<p>Euskalduna Jauregiak \u201csarrerak agortuta\u201d kartela zintzilikatu zuen leihatilan Bach eta H\u00e4ndeli eskainitako pasa den Musika-M\u00fasica Jaialdian. Bilboko Koral Elkarteak eta BOSek, Robert Howardek zuzenduta, G. F. H\u00e4ndelen \u201cMesias\u201den pasarte-sorta jo zuten jendez beteriko auditoriumean. Martxoaren 6an hasitako musika-maratoiak iraun zuen hiru egunetan, hirurogei kontzertutik gora eman ziren. Hau izan zen Bilboko Koral Elkarteak jaialdi berezi [&hellip;]<\/p>\n","protected":false},"author":6,"featured_media":14413,"comment_status":"closed","ping_status":"closed","sticky":false,"template":"","format":"standard","meta":[],"categories":[3],"tags":[],"_links":{"self":[{"href":"https:\/\/www.coraldebilbao.com\/eu\/wp-json\/wp\/v2\/posts\/3821"}],"collection":[{"href":"https:\/\/www.coraldebilbao.com\/eu\/wp-json\/wp\/v2\/posts"}],"about":[{"href":"https:\/\/www.coraldebilbao.com\/eu\/wp-json\/wp\/v2\/types\/post"}],"author":[{"embeddable":true,"href":"https:\/\/www.coraldebilbao.com\/eu\/wp-json\/wp\/v2\/users\/6"}],"replies":[{"embeddable":true,"href":"https:\/\/www.coraldebilbao.com\/eu\/wp-json\/wp\/v2\/comments?post=3821"}],"version-history":[{"count":0,"href":"https:\/\/www.coraldebilbao.com\/eu\/wp-json\/wp\/v2\/posts\/3821\/revisions"}],"wp:featuredmedia":[{"embeddable":true,"href":"https:\/\/www.coraldebilbao.com\/eu\/wp-json\/wp\/v2\/media\/14413"}],"wp:attachment":[{"href":"https:\/\/www.coraldebilbao.com\/eu\/wp-json\/wp\/v2\/media?parent=3821"}],"wp:term":[{"taxonomy":"category","embeddable":true,"href":"https:\/\/www.coraldebilbao.com\/eu\/wp-json\/wp\/v2\/categories?post=3821"},{"taxonomy":"post_tag","embeddable":true,"href":"https:\/\/www.coraldebilbao.com\/eu\/wp-json\/wp\/v2\/tags?post=3821"}],"curies":[{"name":"wp","href":"https:\/\/api.w.org\/{rel}","templated":true}]}}