{"id":25704,"date":"2025-10-15T15:05:35","date_gmt":"2025-10-15T13:05:35","guid":{"rendered":"https:\/\/www.coraldebilbao.com\/17-de-octubre-concierto-en-la-real-academia-de-bellas-artes-de-san-fernando\/"},"modified":"2025-10-15T15:26:25","modified_gmt":"2025-10-15T13:26:25","slug":"17-de-octubre-concierto-en-la-real-academia-de-bellas-artes-de-san-fernando","status":"publish","type":"post","link":"https:\/\/www.coraldebilbao.com\/eu\/17-de-octubre-concierto-en-la-real-academia-de-bellas-artes-de-san-fernando\/","title":{"rendered":"Urriak 17 &#8211;  Kontzertua San Fernandoko Arte Ederren Errege Akademian"},"content":{"rendered":"<p>Bilboko Koral Elkarteak kontzertua eskainiko du ostiralean, hilak 17, 19:00etan, San Fernandoko Arte Ederren Errege Akademian (Madril).<\/p>\n<p>Ekitaldi pribatua da, eta abesbatzak kontu handiz hautatutako programa bat interpretatuko du, gure musika-tradizioko konpositore esanguratsuenetako batzuen abesbatzak eta pianorako piezak konbinatzen dituena.<\/p>\n<p><strong>Antzezleak<\/strong>:<\/p>\n<p>Est\u00edbaliz S\u00e1nchez, soprano<\/p>\n<p>Marta Ubieta, soprano<\/p>\n<p>Alberto S\u00e1ez, pianista<\/p>\n<p>Enrique Azurza, director<\/p>\n<p>&nbsp;<\/p>\n<p><strong>Programa<\/strong>:<\/p>\n<p>Valent\u00edn Mar\u00eda de Zubiaurre (1837\u20131914)<\/p>\n<ul>\n<li>Andante para piano *<\/li>\n<li>Himno a 4 \u201cO Crux\u201d (1865)<\/li>\n<li>O quam suavis<\/li>\n<li>Villancico \u201cZagales y pastores\u201d<\/li>\n<li>Zortziko \u201cNeure amari\u201d *<\/li>\n<\/ul>\n<p>Jes\u00fas Guridi (1886\u20131961)<\/p>\n<ul>\n<li>Goizeko eguzki argiak (de \u201cMirentxu\u201d)<\/li>\n<li>Ochote \u201cMarieli\u201d (***)<\/li>\n<li>Goiko mendian<\/li>\n<\/ul>\n<p>Gonzalo Roig (1890\u20131970)<\/p>\n<ul>\n<li>Romanza de Azucena ** (de \u201cEl Clar\u00edn\u201d)<\/li>\n<li>Pablo Soroz\u00e1bal (1897\u20131988)<\/li>\n<\/ul>\n<p>Tres canciones nost\u00e1lgicas:<\/p>\n<ul>\n<li>Ara nun dir\u00e1n<\/li>\n<li>Euskalerria<\/li>\n<li>Maite<\/li>\n<\/ul>\n<p>* Pianorako lanak bakarrik<br \/>\n** Soprano eta pianorako obra<br \/>\n*** Gizonen abesbatzarako obra<\/p>\n","protected":false},"excerpt":{"rendered":"<p>Bilboko Koral Elkarteak kontzertua eskainiko du ostiralean, hilak 17, 19:00etan, San Fernandoko Arte Ederren Errege Akademian (Madril). Ekitaldi pribatua da, eta abesbatzak kontu handiz hautatutako programa bat interpretatuko du, gure musika-tradizioko konpositore esanguratsuenetako batzuen abesbatzak eta pianorako piezak konbinatzen dituena. Antzezleak: Est\u00edbaliz S\u00e1nchez, soprano Marta Ubieta, soprano Alberto S\u00e1ez, pianista Enrique Azurza, director &nbsp; Programa: [&hellip;]<\/p>\n","protected":false},"author":6,"featured_media":25692,"comment_status":"closed","ping_status":"closed","sticky":false,"template":"","format":"standard","meta":[],"categories":[3,49],"tags":[],"_links":{"self":[{"href":"https:\/\/www.coraldebilbao.com\/eu\/wp-json\/wp\/v2\/posts\/25704"}],"collection":[{"href":"https:\/\/www.coraldebilbao.com\/eu\/wp-json\/wp\/v2\/posts"}],"about":[{"href":"https:\/\/www.coraldebilbao.com\/eu\/wp-json\/wp\/v2\/types\/post"}],"author":[{"embeddable":true,"href":"https:\/\/www.coraldebilbao.com\/eu\/wp-json\/wp\/v2\/users\/6"}],"replies":[{"embeddable":true,"href":"https:\/\/www.coraldebilbao.com\/eu\/wp-json\/wp\/v2\/comments?post=25704"}],"version-history":[{"count":2,"href":"https:\/\/www.coraldebilbao.com\/eu\/wp-json\/wp\/v2\/posts\/25704\/revisions"}],"predecessor-version":[{"id":25706,"href":"https:\/\/www.coraldebilbao.com\/eu\/wp-json\/wp\/v2\/posts\/25704\/revisions\/25706"}],"wp:featuredmedia":[{"embeddable":true,"href":"https:\/\/www.coraldebilbao.com\/eu\/wp-json\/wp\/v2\/media\/25692"}],"wp:attachment":[{"href":"https:\/\/www.coraldebilbao.com\/eu\/wp-json\/wp\/v2\/media?parent=25704"}],"wp:term":[{"taxonomy":"category","embeddable":true,"href":"https:\/\/www.coraldebilbao.com\/eu\/wp-json\/wp\/v2\/categories?post=25704"},{"taxonomy":"post_tag","embeddable":true,"href":"https:\/\/www.coraldebilbao.com\/eu\/wp-json\/wp\/v2\/tags?post=25704"}],"curies":[{"name":"wp","href":"https:\/\/api.w.org\/{rel}","templated":true}]}}