{"id":25230,"date":"2025-03-17T11:31:54","date_gmt":"2025-03-17T10:31:54","guid":{"rendered":"https:\/\/www.coraldebilbao.com\/bidelagunkantulagun\/"},"modified":"2025-03-24T11:40:24","modified_gmt":"2025-03-24T10:40:24","slug":"bidelagunkantulagun","status":"publish","type":"post","link":"https:\/\/www.coraldebilbao.com\/eu\/bidelagunkantulagun\/","title":{"rendered":"BIDELAGUN KANTULAGUN"},"content":{"rendered":"<p>Bilboko Koral Elkarteko Euskeria koruak trukea hasi du Le\u00f3ngo Juventudes Musicales-eko \u00c1ngel Barja Gazte Abesbatzarekin. Interprete gaztez osatutako talde biek batera kantatuko dute bai Bilbon bai Le\u00f3nen, zehazki Errenazimentutik gaur egunera bitarteko obraz osatutako musika-errepertorio askotarikoa.<\/p>\n<p>Kontzertuak martxoaren 21ean eta 22an izango dira Le\u00f3nen, MUSACen (Gaztela eta Le\u00f3ngo Arte Garaikidearen Museoa) eta Industria Fakultatean; eta martxoaren 28an eta 29an Bilbon, Jesusen Bihotza elizan \u2013Jesuiten egoitza\u2013 eta Guggenheim Museoko Atarian, TopARTE programaren barruan.<\/p>\n<p>Proiektu honen helburua da Estatuko abesbatzen panoramako gazte-taldeen arteko harremanak sendotzea eta kultur trukea musikaren bidez sustatzea. Amaiera aparta emateko, koru biek hainbat obra abestuko dituzte batera, bateko eta besteko kideen artean sortutako adiskidetasunaren eta elkarlanaren erakusle.<\/p>\n<img loading=\"lazy\" class=\"alignnone size-medium wp-image-25225\" src=\"https:\/\/www.coraldebilbao.com\/wp-content\/uploads\/2025\/03\/CARTEL-BIDE-LAGUN-2025-GENERICO-2-212x300.jpg\" alt=\"\" width=\"212\" height=\"300\" srcset=\"https:\/\/www.coraldebilbao.com\/wp-content\/uploads\/2025\/03\/CARTEL-BIDE-LAGUN-2025-GENERICO-2-212x300.jpg 212w, https:\/\/www.coraldebilbao.com\/wp-content\/uploads\/2025\/03\/CARTEL-BIDE-LAGUN-2025-GENERICO-2-724x1024.jpg 724w, https:\/\/www.coraldebilbao.com\/wp-content\/uploads\/2025\/03\/CARTEL-BIDE-LAGUN-2025-GENERICO-2-768x1086.jpg 768w, https:\/\/www.coraldebilbao.com\/wp-content\/uploads\/2025\/03\/CARTEL-BIDE-LAGUN-2025-GENERICO-2-1086x1536.jpg 1086w, https:\/\/www.coraldebilbao.com\/wp-content\/uploads\/2025\/03\/CARTEL-BIDE-LAGUN-2025-GENERICO-2-1448x2048.jpg 1448w, https:\/\/www.coraldebilbao.com\/wp-content\/uploads\/2025\/03\/CARTEL-BIDE-LAGUN-2025-GENERICO-2-scaled.jpg 1810w\" sizes=\"(max-width: 212px) 100vw, 212px\" \/>\n<p>&nbsp;<\/p>\n","protected":false},"excerpt":{"rendered":"<p>Bilboko Koral Elkarteko Euskeria koruak trukea hasi du Le\u00f3ngo Juventudes Musicales-eko \u00c1ngel Barja Gazte Abesbatzarekin. Interprete gaztez osatutako talde biek batera kantatuko dute bai Bilbon bai Le\u00f3nen, zehazki Errenazimentutik gaur egunera bitarteko obraz osatutako musika-errepertorio askotarikoa. Kontzertuak martxoaren 21ean eta 22an izango dira Le\u00f3nen, MUSACen (Gaztela eta Le\u00f3ngo Arte Garaikidearen Museoa) eta Industria Fakultatean; eta [&hellip;]<\/p>\n","protected":false},"author":7,"featured_media":25226,"comment_status":"closed","ping_status":"closed","sticky":false,"template":"","format":"standard","meta":[],"categories":[3,49],"tags":[],"_links":{"self":[{"href":"https:\/\/www.coraldebilbao.com\/eu\/wp-json\/wp\/v2\/posts\/25230"}],"collection":[{"href":"https:\/\/www.coraldebilbao.com\/eu\/wp-json\/wp\/v2\/posts"}],"about":[{"href":"https:\/\/www.coraldebilbao.com\/eu\/wp-json\/wp\/v2\/types\/post"}],"author":[{"embeddable":true,"href":"https:\/\/www.coraldebilbao.com\/eu\/wp-json\/wp\/v2\/users\/7"}],"replies":[{"embeddable":true,"href":"https:\/\/www.coraldebilbao.com\/eu\/wp-json\/wp\/v2\/comments?post=25230"}],"version-history":[{"count":1,"href":"https:\/\/www.coraldebilbao.com\/eu\/wp-json\/wp\/v2\/posts\/25230\/revisions"}],"predecessor-version":[{"id":25231,"href":"https:\/\/www.coraldebilbao.com\/eu\/wp-json\/wp\/v2\/posts\/25230\/revisions\/25231"}],"wp:featuredmedia":[{"embeddable":true,"href":"https:\/\/www.coraldebilbao.com\/eu\/wp-json\/wp\/v2\/media\/25226"}],"wp:attachment":[{"href":"https:\/\/www.coraldebilbao.com\/eu\/wp-json\/wp\/v2\/media?parent=25230"}],"wp:term":[{"taxonomy":"category","embeddable":true,"href":"https:\/\/www.coraldebilbao.com\/eu\/wp-json\/wp\/v2\/categories?post=25230"},{"taxonomy":"post_tag","embeddable":true,"href":"https:\/\/www.coraldebilbao.com\/eu\/wp-json\/wp\/v2\/tags?post=25230"}],"curies":[{"name":"wp","href":"https:\/\/api.w.org\/{rel}","templated":true}]}}