{"id":24252,"date":"2023-12-12T11:21:42","date_gmt":"2023-12-12T10:21:42","guid":{"rendered":"https:\/\/www.coraldebilbao.com\/rpgabonetakosoinuak2023\/"},"modified":"2023-12-13T11:42:02","modified_gmt":"2023-12-13T10:42:02","slug":"rpgabonetakosoinuak2023","status":"publish","type":"post","link":"https:\/\/www.coraldebilbao.com\/eu\/rpgabonetakosoinuak2023\/","title":{"rendered":"Gabonetako soinuak 2023"},"content":{"rendered":"<h5>2023ko Gabonetako Soinuak aurkeztu dugu gure zuzendari nagusi I\u00f1igo Alberdirekin, Caixabankeko Euskadiko zuzendari komertzial \u00c1ngel Garabietarekin eta Kultura Diputatu Leixuri Arrizabalagarekin, bai eta Sandra Calvorekin, Basilio Astulezekin eta Julia Foruriarekin ere, hots, Eskolan Kantari, Kantika eta Gaudeamus abesbatzen zuzendariekin.<\/h5>\n<p>&nbsp;<\/p>\n<img loading=\"lazy\" class=\"wp-image-24246 aligncenter\" src=\"https:\/\/www.coraldebilbao.com\/wp-content\/uploads\/2023\/12\/DSC06714-2-300x200.jpg\" alt=\"\" width=\"453\" height=\"302\" srcset=\"https:\/\/www.coraldebilbao.com\/wp-content\/uploads\/2023\/12\/DSC06714-2-300x200.jpg 300w, https:\/\/www.coraldebilbao.com\/wp-content\/uploads\/2023\/12\/DSC06714-2-1024x683.jpg 1024w, https:\/\/www.coraldebilbao.com\/wp-content\/uploads\/2023\/12\/DSC06714-2-768x512.jpg 768w, https:\/\/www.coraldebilbao.com\/wp-content\/uploads\/2023\/12\/DSC06714-2-1536x1024.jpg 1536w, https:\/\/www.coraldebilbao.com\/wp-content\/uploads\/2023\/12\/DSC06714-2-2048x1365.jpg 2048w\" sizes=\"(max-width: 453px) 100vw, 453px\" \/>\n<p>&nbsp;<\/p>\n<p><span style=\"font-weight: 400;\">Larunbatean, abenduaren 16an, Euskalduna Jauregia Eguberrietako magiaz beteko da &#8220;Gabonetako Soinuak&#8221; kontzertu irrikatuaren hamalaugarren edizioan. Bilboko Koral Elkarteak antolatutako ekimena, Bizkaiko Foru Aldundiaren, &#8220;la Caixa&#8221; Fundazioaren eta CaixaBanken laguntzarekin, Eguberrietako hitzordu klasikoa bihurtu da lurraldean. Egitaraua, musika koralaren zaleak gozarazteko kontu handiz hautatua, Bilbo, Leioa eta Gernikako talentu gazteek abestuko dute, askotariko obraz osatutako errepertorioa, hain zuzen ere, hala pieza tradizionalak nola gaur egungo abestiak. Estilo eta ahots horiek bat eginda, esperientzia paregabea sortuko dute. Kontzertua Xabier Madariaga kazetari ezagunak bideratuko du, programa aurkezteaz gain.\u00a0<\/span><\/p>\n<p>&nbsp;<\/p>\n<p><span style=\"font-weight: 400;\">Kontzertuari Eskolan Kantarik emango dio hasiera, alegia, Bilboko Koral Elkartearen gizarte- eta hezkuntza-proiektuak, Francisco Madinaren &#8220;Gabon gaua&#8221; eta &#8220;Gabonak dira&#8221; abestuz, Sandra Calvok John Lennon &amp; Yoko Onoren konposizioa oinarri egindako bertsioa. Ondoren, Eskolan Kantariko kideei Haurren Korukoak batuko zaizkie, Jose Luis Ormazabalen zuzendaritzapean, Emma L\u00f3pezek harmonizatutako &#8220;Kanta gabon kanta&#8221; abesteko, bai eta &#8220;Paparuda&#8221; ere, Fernando Vel\u00e1zquezek moldatutako abesti errumaniar herrikoia. Baterako emanaldia eta gero Eskolan Kantarikoak besaulki-patioan eseriko dira gainerako koruei lehen ilaran entzuteko. Haurren Koruak hiru obra abestuko ditu, beste horrenbeste hizkuntzatan: Xabier Sarasolaren &#8220;Jubilate Deo&#8221;, Charles Trenet-Paul Misrakiren &#8220;Je chante \/ Abestu&#8221; eta Michael Carden &#8220;Immanuel&#8221;.<\/span><\/p>\n<p>&nbsp;<\/p>\n<p><span style=\"font-weight: 400;\">Jarraian, Leioa Kantika Koralak, Basilio Astulezen zuzendaritzapean, hainbat lan kantatuko ditu abesbatzako bakarlariekin batera, besteak beste Ana Mar\u00eda Ragaren &#8220;Brisa Ancestral&#8221;, Jon Uribarriren &#8220;Oroimenak&#8221;, Eva Ugalderen &#8220;Dizdizka zeruan&#8221;, &#8220;Christmas mash-up&#8221; eta Darius Limen &#8220;Dream waltz \/ A puppet &#8216;s dream&#8221; zirraragarria. Musika aretoan barrena zabaltzen jarraitzeko, Gernika Gaudeamus Koralak, Julia Foruriak zuzenduta, pieza tradizionalak eskainiko ditu, Dante Andreak moldatuak: &#8220;Nana a Cristina&#8221;, &#8220;Tres villancicos andaluces&#8221;, Uxua Sorazuk idatzitako eta Iker Gonzalezek musikatutako &#8220;Neguaren baitan&#8221;, &#8220;O come, all ye faithfull &#8211; Adeste fideles&#8221; mitikoa, David Willcocksek moldatua, eta Irving Berlinen &#8220;White christmas&#8221;. Azkenik, koru guztiak &#8220;Tutti&#8221;-rako batuko dira eta, Julia Foruriaren gidaritzapean, Jos\u00e9 Berardo \u00c1lvarezen &#8220;Suite comercial navide\u00f1a&#8221; hunkigarria kantatuko dute, Jon Artetxek moldatua. Kontzertuari amaiera magikoa emateko, Eskolan Kantarik &#8220;Hator, hator&#8221; berarekin batera abestera gonbidatuko ditu bertaratuak.\u00a0<\/span><\/p>\n<p>&nbsp;<\/p>\n<p><span style=\"font-weight: 400;\">Ikuskizun magiko honetarako sarrerak <a href=\"https:\/\/euskalduna.eus\/es\/detalle\/SOINUAK23@Janto_KB\/PAEU1\">Euskalduna Jauregiko<\/a> leihatilan eskura daitezke, 15 \u20ac-an. Eguberrien ospakizunean murgiltzeko aukera paregabea, ahots gazte eta talentudunen harmoniaren, Bilboko konposizio hunkigarrien, Kantikaren energiaren edo Gaudeamusen dotorezia melodikoaren bitartez.<\/span><\/p>\n","protected":false},"excerpt":{"rendered":"<p>2023ko Gabonetako Soinuak aurkeztu dugu gure zuzendari nagusi I\u00f1igo Alberdirekin, Caixabankeko Euskadiko zuzendari komertzial \u00c1ngel Garabietarekin eta Kultura Diputatu Leixuri Arrizabalagarekin, bai eta Sandra Calvorekin, Basilio Astulezekin eta Julia Foruriarekin ere, hots, Eskolan Kantari, Kantika eta Gaudeamus abesbatzen zuzendariekin. &nbsp; &nbsp; Larunbatean, abenduaren 16an, Euskalduna Jauregia Eguberrietako magiaz beteko da &#8220;Gabonetako Soinuak&#8221; kontzertu irrikatuaren hamalaugarren [&hellip;]<\/p>\n","protected":false},"author":7,"featured_media":24247,"comment_status":"closed","ping_status":"closed","sticky":false,"template":"","format":"standard","meta":[],"categories":[3,49],"tags":[],"_links":{"self":[{"href":"https:\/\/www.coraldebilbao.com\/eu\/wp-json\/wp\/v2\/posts\/24252"}],"collection":[{"href":"https:\/\/www.coraldebilbao.com\/eu\/wp-json\/wp\/v2\/posts"}],"about":[{"href":"https:\/\/www.coraldebilbao.com\/eu\/wp-json\/wp\/v2\/types\/post"}],"author":[{"embeddable":true,"href":"https:\/\/www.coraldebilbao.com\/eu\/wp-json\/wp\/v2\/users\/7"}],"replies":[{"embeddable":true,"href":"https:\/\/www.coraldebilbao.com\/eu\/wp-json\/wp\/v2\/comments?post=24252"}],"version-history":[{"count":1,"href":"https:\/\/www.coraldebilbao.com\/eu\/wp-json\/wp\/v2\/posts\/24252\/revisions"}],"predecessor-version":[{"id":24253,"href":"https:\/\/www.coraldebilbao.com\/eu\/wp-json\/wp\/v2\/posts\/24252\/revisions\/24253"}],"wp:featuredmedia":[{"embeddable":true,"href":"https:\/\/www.coraldebilbao.com\/eu\/wp-json\/wp\/v2\/media\/24247"}],"wp:attachment":[{"href":"https:\/\/www.coraldebilbao.com\/eu\/wp-json\/wp\/v2\/media?parent=24252"}],"wp:term":[{"taxonomy":"category","embeddable":true,"href":"https:\/\/www.coraldebilbao.com\/eu\/wp-json\/wp\/v2\/categories?post=24252"},{"taxonomy":"post_tag","embeddable":true,"href":"https:\/\/www.coraldebilbao.com\/eu\/wp-json\/wp\/v2\/tags?post=24252"}],"curies":[{"name":"wp","href":"https:\/\/api.w.org\/{rel}","templated":true}]}}