{"id":22606,"date":"2022-10-01T11:29:21","date_gmt":"2022-10-01T09:29:21","guid":{"rendered":"https:\/\/www.coraldebilbao.com\/46zalla\/"},"modified":"2022-10-29T11:31:10","modified_gmt":"2022-10-29T09:31:10","slug":"46zalla","status":"publish","type":"post","link":"https:\/\/www.coraldebilbao.com\/eu\/46zalla\/","title":{"rendered":"46 MUSIKA ASTEA | ZALLA"},"content":{"rendered":"<p style=\"text-align: center;\"><b>Bilboko Koral Elkartea<\/b><br \/>\nPianoa:\u00a0<b>Ander Marzana<\/b><br \/>\nZuzendaria:\u00a0<b>Enrique Azurza<\/b><br \/>\nSopranoak:\u00a0<b>Patricia Intxaustegi<\/b>\u00a0&amp;\u00a0<b>Loli Hern\u00e1ndez<\/b><\/p>\n<p style=\"text-align: center;\">\n<p style=\"text-align: center;\"><i>Cantique de Jean Racine,<\/i>\u00a0Gabriel Faur\u00e9<\/p>\n<div style=\"text-align: center;\"><i>MASS<\/i>, Steve Dobrogosz<br \/>\n<i>Kyrie<\/i><br \/>\n<i>Agnus Dei<\/i><br \/>\n<i><br \/>\n<\/i><\/div>\n<div style=\"text-align: center;\"><i>Indianas<\/i>, Carlos Guastavino<br \/>\n<i>Gala del d\u00eda<\/i><br \/>\n<i>Una de dos<\/i><\/div>\n<div><\/div>\n<div style=\"text-align: center;\"><i>Rejoice, greatly! de El Mes\u00edas<\/i>, Georg Friedrich Haendel<\/div>\n<div><\/div>\n<div style=\"text-align: center;\"><i>Coro de segadores de Maitena<\/i>, Charles Colin<\/div>\n<div><\/div>\n<div style=\"text-align: center;\"><i>Aurtxoa seaskan<\/i>, Gabriel Olaizola<\/div>\n<div><\/div>\n<div style=\"text-align: center;\"><i>Zeruan eder ilargia,<\/i>\u00a0Aita Donostia<\/div>\n<div><\/div>\n<div style=\"text-align: center;\"><i>Aita gurea<\/i>, Francisco de Madina<\/div>\n<div><\/div>\n<div style=\"text-align: center;\"><i>Sevillanas del Bateo<\/i>, Federico Chueca<\/div>\n<div><\/div>\n<div style=\"text-align: center;\"><i>Coro de fumadores y zamacueca\u00a0de Sobrinos del capit\u00e1n Grant<\/i>, Manuel Fdez. Caballero<\/div>\n<div><\/div>\n<div style=\"text-align: center;\"><i>Seguidillas de la Verbena de la paloma<\/i>, Tom\u00e1s Bret\u00f3n<\/div>\n","protected":false},"excerpt":{"rendered":"<p>Bilboko Koral Elkartea Pianoa:\u00a0Ander Marzana Zuzendaria:\u00a0Enrique Azurza Sopranoak:\u00a0Patricia Intxaustegi\u00a0&amp;\u00a0Loli Hern\u00e1ndez Cantique de Jean Racine,\u00a0Gabriel Faur\u00e9 MASS, Steve Dobrogosz Kyrie Agnus Dei Indianas, Carlos Guastavino Gala del d\u00eda Una de dos Rejoice, greatly! de El Mes\u00edas, Georg Friedrich Haendel Coro de segadores de Maitena, Charles Colin Aurtxoa seaskan, Gabriel Olaizola Zeruan eder ilargia,\u00a0Aita Donostia Aita gurea, [&hellip;]<\/p>\n","protected":false},"author":7,"featured_media":0,"comment_status":"closed","ping_status":"closed","sticky":false,"template":"","format":"standard","meta":[],"categories":[30],"tags":[],"_links":{"self":[{"href":"https:\/\/www.coraldebilbao.com\/eu\/wp-json\/wp\/v2\/posts\/22606"}],"collection":[{"href":"https:\/\/www.coraldebilbao.com\/eu\/wp-json\/wp\/v2\/posts"}],"about":[{"href":"https:\/\/www.coraldebilbao.com\/eu\/wp-json\/wp\/v2\/types\/post"}],"author":[{"embeddable":true,"href":"https:\/\/www.coraldebilbao.com\/eu\/wp-json\/wp\/v2\/users\/7"}],"replies":[{"embeddable":true,"href":"https:\/\/www.coraldebilbao.com\/eu\/wp-json\/wp\/v2\/comments?post=22606"}],"version-history":[{"count":1,"href":"https:\/\/www.coraldebilbao.com\/eu\/wp-json\/wp\/v2\/posts\/22606\/revisions"}],"predecessor-version":[{"id":22608,"href":"https:\/\/www.coraldebilbao.com\/eu\/wp-json\/wp\/v2\/posts\/22606\/revisions\/22608"}],"wp:attachment":[{"href":"https:\/\/www.coraldebilbao.com\/eu\/wp-json\/wp\/v2\/media?parent=22606"}],"wp:term":[{"taxonomy":"category","embeddable":true,"href":"https:\/\/www.coraldebilbao.com\/eu\/wp-json\/wp\/v2\/categories?post=22606"},{"taxonomy":"post_tag","embeddable":true,"href":"https:\/\/www.coraldebilbao.com\/eu\/wp-json\/wp\/v2\/tags?post=22606"}],"curies":[{"name":"wp","href":"https:\/\/api.w.org\/{rel}","templated":true}]}}