{"id":22444,"date":"2022-09-01T10:59:25","date_gmt":"2022-09-01T08:59:25","guid":{"rendered":"https:\/\/www.coraldebilbao.com\/bizkaia-kantuan-ii\/"},"modified":"2022-10-07T11:49:56","modified_gmt":"2022-10-07T09:49:56","slug":"bizkaiakantuan2","status":"publish","type":"post","link":"https:\/\/www.coraldebilbao.com\/eu\/bizkaiakantuan2\/","title":{"rendered":"Bizkaia kantuan II"},"content":{"rendered":"<h5><strong>Bizkaia kantuan zikloak berriz entzunaraziko ditu abesbatza bizkaitarrak <\/strong><\/h5>\n<h6><strong>Iaz egindako lehen edizioaren harrera ikusita, zirkuituak beste hiru udalerri bisitatuko ditu<\/strong><\/h6>\n<h6><strong>Zikloaren sustatzaileak Bilboko Koral Elkartea, Bizkaiko Foru Aldundia eta BAE &#8211; Bizkaiko Abesbatzen Elkartea dira<\/strong><\/h6>\n<p>Bizkaia kantuan zikloak, bigarren edizio honetan ere, Bizkaiko hainbat udalerritara eramango du musika korala. Bilboko Koral Elkarteak, Bizkaiko Foru Aldundiak eta BAEk sustatutako proposamena iaz sortu zen, lurraldeko kantu korala bultzatzeko eta pandemiaren ondorioz hilabeteetan isilik egon ziren abesbatzen lana indartzeko. Era berean, ekimenak taldeen arteko loturak sendotu nahi ditu, eta, bide horretan, koralisten eta publikoaren artean belaunaldiarteko harremanak sustatu. Kontzertuak doakoak izango dira, ikusle-kopurua edukiera bete artekoa, eta urriko hiru asteburutan 20:30ean hasiko dira. Oraingoan, Gorlizen, Basaurin eta Lekeition izandako harreraren ondoren, zirkuituak Portugaleten, Bermeon eta Zornotzan jarraituko du bere ibilbidea.<\/p>\n<p>Lehen kontzertua, urriaren 7an, ostiralean, izango da. Portugaleteko Andra Maria Elizan, eta herriko bi abesbatza izango ditu protagonista: Santa Maria Korala eta Salazar Abesbatza; bisitari bat ere izango da, Bilboko Koral Elkarteko gazteen Euskeria korua. Salazar Abesbatzak emango dio hasiera kontzertuari, zeina Emma L\u00f3pezen zuzendaritzapean duela hamabi urte agertu zen Portugaleteko koru-panoraman. Koru misto hau hogeita hamar bat ahotsez osatuta dago, eta errepertorio zabala jorratzeagatik eta taularatze apartagatik nabarmentzen da, alegia, nortasun bereizgarria duelako. Kontzertu solidarioetan, kalejiretan eta kontzertu tematikoetan parte hartu ohi du, eta, Bizkaia kantuan, abesti herrikoien hautaketa bat eskainiko du: <em>Desde que t\u00fa te fuiste, Dindirid\u00edn, F\u00f3rmula \u00e9xito <\/em>eta<em> Rapsodia portugaluja<\/em>.<\/p>\n<p>Ondoren, Portugaleteko Santa Maria Koralak, 2011tik Alberto Carrerak zuzentzen duenak, <em>Maitia nun zira, Maite, Viento del Norte <\/em>eta<em> La Virgen de la Gu\u00eda<\/em> obrak abestuko ditu. Duela berrogei urtetik baino gehiagotik Portugaleteri musika jartzeaz gain, abesbatzak ohikotasunez parte hartzen du Habaneren Jaialdian, San Vicente de la Barquerako Itsas Kantuan eta Euskaldunako kontzertu parte-hartzaileetan, bai errepertorio koraleko obra paregabeak, Haendelen <em>Mesia <\/em>edo Mozarten <em>Requiema<\/em>, kasurako, bai opera-koruak edo Broadwayko musikalak kantatuz.<\/p>\n<p>Jarraian, Bilboko Koral Elkarteko Euskeria koruak, Urko Sangronizek zuzentzen duenak, Errenazimentutik egungo musikarainoko errepertorioa jorratuko du, besteak beste <em>Il bianco e dolce cigno, Vecchie letrose, Seal Lullaby, Fix You <\/em>eta<em> Old Joe Clark<\/em> abestuz. Abesbatzakideak 17 eta 22 urte bitarteko gazteak dira, eta, azkenaldian, Edinburgoko Jaialdiaren egoitzan, Bilbao BBK Live-ri atxikitako kontzertuetan eta Mende Berria Kantuz-en izan dira. Horrez gain, Euskeriak Ejeako Lehiaketa irabazi berri du; Kantu Koraleko Sari Nazional Nagusirako sailkatu da; Mar\u00eda Goiricelayak zuzendutako <em>Madre coraje<\/em> obran eta Calixto Bieitok zuzendutako Gabonetako Oratorioan parte hartu du; eta, laster, <em>Ura bere bidean<\/em> ekoizpenean abestuko du.<\/p>\n<p>Azkenik, kontzertuari amaiera bikaina emateko, hiru taldeek batera Lore Roucok konposatutako <em>Bizkaia kantuan<\/em> himnoa kantatuko dute.<\/p>\n<p>Banakako emanaldiz eta baterako amaieraz osatutako dinamika berari eutsita, ondorengo asteburuetan, lehenengo urriaren 15ean, larunbatean, Bilboko Koral Elkarteko Haurren Korua Bakioko Abesbatzarekin eta Bermeoko Izaro Abesbatzarekin batera igoko da Bermeoko Frantziskotarren Elizako agertokira, eta gero, hilaren 21ean, ostiralean, Zornotzako Korala, Abes Kimu Abesbatza, Usansoloko Orfeoia eta Bilboko Koral Elkartea Zornotzako Andre Maria Elizan bilduko dira.<\/p>\n<p>&nbsp;<\/p>\n<h5 style=\"text-align: center;\">Bizkaia kantuan Portugalete<\/h5>\n<p>&nbsp;<\/p>\n<p style=\"text-align: center;\"><strong>Salazar Abesbatza<\/strong><\/p>\n<p style=\"text-align: center;\">Zuz. \/ Dir.: Emma L\u00f3pez<\/p>\n<p style=\"text-align: center;\"><em>Desde que t\u00fa te fuiste<\/em>, Txema Lorente<\/p>\n<p style=\"text-align: center;\"><em>Dindir\u00edn dindir\u00edn<\/em>, An\u00f3nimo s.XV<\/p>\n<p style=\"text-align: center;\"><em>F\u00f3rmula \u00e9xito<\/em>, Arr.: Emma L\u00f3pez<\/p>\n<p style=\"text-align: center;\"><em>Rapsodia Portugaluja (La Gu\u00eda),<\/em> popular \/ Arr.: Txema Lorente<\/p>\n<p>&nbsp;<\/p>\n<p style=\"text-align: center;\"><strong>Coral Santa Mar\u00eda de Portugalete<\/strong><\/p>\n<p style=\"text-align: center;\">Zuz. \/ Dir.: Alberto Carrera<\/p>\n<p style=\"text-align: center;\">Solistas: Maite Z\u00e1rate\u00a0\/ Juan Angel Garc\u00eda<\/p>\n<p style=\"text-align: center;\"><em>Maitia nun zira<\/em>, Uru\u00f1uela<\/p>\n<p style=\"text-align: center;\"><em>Maite<\/em>, Pablo Sorozabal<\/p>\n<p style=\"text-align: center;\"><em>Viento del Norte<\/em>, Hermanos Ag\u00fcero<\/p>\n<p style=\"text-align: center;\"><em>La Virgen de la Gu\u00eda<\/em>, Arr.: Segundo Matute<\/p>\n<p>&nbsp;<\/p>\n<p style=\"text-align: center;\"><strong>Bilboko Koral Elkarteko Euskeria Korua<\/strong><\/p>\n<p style=\"text-align: center;\">Zuz. \/ Dir.: Urko Sangroniz<\/p>\n<p style=\"text-align: center;\">Pianoa: Ander Marzana<\/p>\n<p style=\"text-align: center;\"><em>Il bianco e dolce cigno<\/em>, Jacques Arcadelt<\/p>\n<p style=\"text-align: center;\"><em>Vecchie letrose<\/em>, Adrian Willaert<\/p>\n<p style=\"text-align: center;\"><em>Seal Lullaby<\/em>, Eric Whitacre<\/p>\n<p style=\"text-align: center;\"><em>Fix You<\/em>, Coldplay \/ Arr.: Jonathan Wikeley<\/p>\n<p style=\"text-align: center;\"><em>Old Joe Clark<\/em>, Arr.: Greg Gilpin<\/p>\n<h5 style=\"text-align: center;\"><\/h5>\n<p>&nbsp;<\/p>\n<h5 style=\"text-align: center;\">Bizkaia kantuan Bermeo<\/h5>\n<p style=\"text-align: center;\"><strong>Izaro Abesbatza<\/strong><\/p>\n<p style=\"text-align: center;\">Zuz. \/ Dir.: Biotz Fradua<\/p>\n<p style=\"text-align: center;\">Pianoa: Leire Egiarte<\/p>\n<p style=\"text-align: center;\"><em>Ave Maria<\/em>, Iba\u00f1ez Irribarria<\/p>\n<p style=\"text-align: center;\"><em>Ikusten duzu<\/em>, Josu Elberdin<\/p>\n<p style=\"text-align: center;\"><em>Udazken koloretan<\/em>, Benito Lertxundi<\/p>\n<p style=\"text-align: center;\"><em>Bring me a little water<\/em>, Silvy, Arr.: Moira Smiley<\/p>\n<p>&nbsp;<\/p>\n<p style=\"text-align: center;\"><strong>Bakioko Abesbatza<\/strong><\/p>\n<p style=\"text-align: center;\">Zuz. \/ Dir.: Karmele Barrena<\/p>\n<p style=\"text-align: center;\">Pianoa: Jone Alonso<\/p>\n<p style=\"text-align: center;\"><em>O Sacrum convivium<\/em>, Luigi Molfino<\/p>\n<p style=\"text-align: center;\"><em>Cantique de Jean Racine<\/em>, Gabriel Faur\u00e9<\/p>\n<p style=\"text-align: center;\"><em>Itsasoa Gara<\/em>, Ken zazpi \/ Arr.: Ius Perez<\/p>\n<p style=\"text-align: center;\"><em>Azken dantza<\/em>, Pantxoa ta Peio \/ Arr.: Be\u00f1at Egiarte<\/p>\n<p>&nbsp;<\/p>\n<p style=\"text-align: center;\"><strong>Bilboko Koral Elkarteko Haurren Korua<\/strong><\/p>\n<p style=\"text-align: center;\">Zuz. \/ Dir.: Jose Luis Ormazabal<\/p>\n<p style=\"text-align: center;\">Pianoa: Ander Marzana<\/p>\n<p style=\"text-align: center;\"><em>There is peace<\/em>, Jim Papoulis<\/p>\n<p style=\"text-align: center;\"><em>Tutira mai<\/em>, Trad. Maor\u00ed<\/p>\n<p style=\"text-align: center;\"><em>Uso zuria-Akerra ikusi degu<\/em>, Xabier Sarasola<\/p>\n<p style=\"text-align: center;\"><em>Shenandoah<\/em>, American folk song<\/p>\n<p style=\"text-align: center;\"><em>Dubula,<\/em> Trad. Xhosa<\/p>\n<h5><\/h5>\n<h5><\/h5>\n<h5 style=\"text-align: center;\">Bizkaia kantuan Amorebieta<\/h5>\n<p>&nbsp;<\/p>\n<p style=\"text-align: center;\"><strong>Coral Zornoza | Abes Kimu Abesbatza<\/strong><\/p>\n<p style=\"text-align: center;\">Zuz. \/ Dir.: Mireia Izagirre<\/p>\n<p style=\"text-align: center;\">Pianoa:<\/p>\n<p>&nbsp;<\/p>\n<p style=\"text-align: center;\"><strong>Orfe\u00f3n de Us\u00e1nsolo<\/strong><\/p>\n<p>&nbsp;<\/p>\n<p style=\"text-align: center;\"><strong>Bilboko Koral Elkartea<\/strong><\/p>\n<p style=\"text-align: center;\">Zuz. \/ Dir.: Enrique Azurza<\/p>\n<p style=\"text-align: center;\">Pianoa: Ander Marzana<\/p>\n","protected":false},"excerpt":{"rendered":"<p>Bizkaia kantuan zikloak berriz entzunaraziko ditu abesbatza bizkaitarrak Iaz egindako lehen edizioaren harrera ikusita, zirkuituak beste hiru udalerri bisitatuko ditu Zikloaren sustatzaileak Bilboko Koral Elkartea, Bizkaiko Foru Aldundia eta BAE &#8211; Bizkaiko Abesbatzen Elkartea dira Bizkaia kantuan zikloak, bigarren edizio honetan ere, Bizkaiko hainbat udalerritara eramango du musika korala. Bilboko Koral Elkarteak, Bizkaiko Foru Aldundiak [&hellip;]<\/p>\n","protected":false},"author":7,"featured_media":22447,"comment_status":"closed","ping_status":"closed","sticky":false,"template":"","format":"standard","meta":[],"categories":[3,49],"tags":[],"_links":{"self":[{"href":"https:\/\/www.coraldebilbao.com\/eu\/wp-json\/wp\/v2\/posts\/22444"}],"collection":[{"href":"https:\/\/www.coraldebilbao.com\/eu\/wp-json\/wp\/v2\/posts"}],"about":[{"href":"https:\/\/www.coraldebilbao.com\/eu\/wp-json\/wp\/v2\/types\/post"}],"author":[{"embeddable":true,"href":"https:\/\/www.coraldebilbao.com\/eu\/wp-json\/wp\/v2\/users\/7"}],"replies":[{"embeddable":true,"href":"https:\/\/www.coraldebilbao.com\/eu\/wp-json\/wp\/v2\/comments?post=22444"}],"version-history":[{"count":10,"href":"https:\/\/www.coraldebilbao.com\/eu\/wp-json\/wp\/v2\/posts\/22444\/revisions"}],"predecessor-version":[{"id":22508,"href":"https:\/\/www.coraldebilbao.com\/eu\/wp-json\/wp\/v2\/posts\/22444\/revisions\/22508"}],"wp:featuredmedia":[{"embeddable":true,"href":"https:\/\/www.coraldebilbao.com\/eu\/wp-json\/wp\/v2\/media\/22447"}],"wp:attachment":[{"href":"https:\/\/www.coraldebilbao.com\/eu\/wp-json\/wp\/v2\/media?parent=22444"}],"wp:term":[{"taxonomy":"category","embeddable":true,"href":"https:\/\/www.coraldebilbao.com\/eu\/wp-json\/wp\/v2\/categories?post=22444"},{"taxonomy":"post_tag","embeddable":true,"href":"https:\/\/www.coraldebilbao.com\/eu\/wp-json\/wp\/v2\/tags?post=22444"}],"curies":[{"name":"wp","href":"https:\/\/api.w.org\/{rel}","templated":true}]}}