{"id":21125,"date":"2021-05-10T18:26:28","date_gmt":"2021-05-10T16:26:28","guid":{"rendered":"https:\/\/www.coraldebilbao.com\/intercambiocoralscb-orfpamplones\/"},"modified":"2021-05-20T18:29:06","modified_gmt":"2021-05-20T16:29:06","slug":"intercambiocoralscb-orfpamplones","status":"publish","type":"post","link":"https:\/\/www.coraldebilbao.com\/eu\/intercambiocoralscb-orfpamplones\/","title":{"rendered":"Bilboko Koral Elkartea eta Iru\u00f1eko Orfeoia berriz daude harremanetan, koru-trukea eginez"},"content":{"rendered":"<p>Talde bilbotarrak Faur\u00e9ren Requiema abestuko du, Enrique Azurzaren zuzendaritzapean, Iru\u00f1eko Katedralean, maiatzaren 15ean, larunbatean; talde nafarrak, berriz, Igor Ijurra buru, Bego\u00f1ako Basilikan egingo du emanaldia, maiatzaren 22an, larunbatean.<\/p>\n<p>Kontzertua Georg Muffaten <em>Sinfonia Apparatus m\u00fasico-organisticus<\/em> obrako <em>Toccata prima<\/em> piezarekin hasiko da, zeinek Katedraleko organoaren hodiak dardararaziko dituen eta publikoa giroan sartuko dituen, ondoren Gabriel Faur\u00e9ren <em>R\u00e9quiem Op. 48<\/em> lanaz gozatzeko. Hor, Est\u00edbaliz S\u00e1nchez sopranoaren eta Julen Garc\u00eda baritonoaren ahots bakarlariek liluratuko dute publikoa, bai eta Alberto S\u00e1ez Puentek organoa jotzeko duen trebetasunak ere, guztiak Enrique Azurzaren zuzendaritzapean. Bilboko Koral Elkartea ehun kidek baino gehiagok osatuta dago; hala ere, egun, erdiekin dihardu, COVIDagatik ezarritako murrizketak direla eta. 135 urteko historian, Espainiako ia orkestra guztiekin abestu du, baita nazioarteko orkestra nagusiekin ere. Iaz, Beethovenen 250. urteurrenaren barruan, <em>Cristo en el Monte de los Olivos<\/em>, <em>Fantas\u00eda en do m<\/em> eta, jakina, <em>La Novena &#8211; Sinfon\u00eda en rem <\/em>kantatu zituen. Une honetan, euskal folklorea sustatzeko lanean ari da bereziki, eta bere errepertoriorik berrienean badaude Iparragirreren piezak daude, haren 200. urtemuga zela-eta Gontzal Mendibilekin batera berreskuratuak, Fernando Vel\u00e1zquezek pop euskalduneko abestiak oinarri sorturiko bertsio sinfonikoak eta <em>Maitena<\/em> opera, duela mende bat enkargatua eta aurten IBS Classicalekin grabatua.<\/p>\n<p>Egitaraua, Igor Ijurrak zuzendua, Lorenzo Ondarra konpositore nafarrari eskainitako monografikoarekin hasiko da. Hain zuzen, Ijurra Nafarroako koru-musika konpositore handienetakoa eta 1969an Musika Sari Nazionala izandako konpositore horren lanaren dibulgatzailea da. Egitarauaren barruko obren artean, guztiak ere Iru\u00f1eko Orfeoiak bere garaian estreinatuak, <em>Pater Noster<\/em> hautatu zen konfinamenduan grabatzeko, COVID-19aren biktimen omenez. Egitarauaren lehen eta hirugarren zatien artean, interludio gisara, Ra\u00fal del Torok Aita Donostiaren organorako obra labur bat joko du. Hirugarren zatia erromantizismo alemaniarreko konpositore apartenetako batzuei eskainia dago, hala nola Mendelssohni, Brucknerri eta Brahmsi, kontzertu honetan organoak lagunduta.\u00a0Iru\u00f1eko Orfeoia, bere kategorian, Europako musika-erakunderik zahar eta bizienetakoa da. Bere historian, obra sinfoniko handienetako batzuen estreinaldiak egin ditu nazio-mailan, Mahlerren Zortzigarren Sinfonia, kasu, 1970ean, edo, ondoren, 1973an Portugalen. Era berean, New Yorkeko Carnegie Hallen kantatu duen Espainiako lehen korua izan da, 2010. urtean, baita Londresko BBC Promsetan (2015) edo San Petersburgoko Gau Zurien Jaialdian (2018) ere. Ohorezko zuzendarien artean, Val\u00e9ry Gergiev, Juanjo Mena eta jada zenduriko Rafael Fr\u00fchbeck de Burgos ditu.<\/p>\n<p>Erkidegoen arteko zirkulazio askeak ehun urtetik gorako abesbatza hauek (berriro) elkartzea ahalbidetzen du. Iru\u00f1eko Orfeoiaren eta Bilboko Koral Elkartearen arteko harremana bien artxiboetan aurki daiteke dokumentatuta, bien hastapenetatik (1865ean eta 1886an sortu ziren, hurrenez hurren). Egungo trukearen bitartez, beren arteko batasuna sendotu eta egungo edukiz hornitu nahi dute, musika korala hedatzeaz eta erakunde bien jarduerak hazten jarraitu ahal izateko aukerak sortzeaz batera. Indarrak batzeko helburuarekin, beraz, abiapuntu honen ostean izango dituzte elkartzeko aukera gehiago, zalantzarik gabe.\u00a0Musikak arima elikatzen du, eta are gehiago alarma-egoeratik kanpo. Halaber, indarrean dagoen araudiari jarraikiz, sarrera doakoa izango da, harik eta edukiera bete arte. Ateak kontzertua hasi baino ordu erdi lehenago irekiko dira, eta ilaran segurtasun-tarteari eutsi beharko zaio. Horrez gain, jakina, maskara nahitaezkoa izango da, baita eskuak gel hidroalkoholikoz garbitzea ere.<\/p>\n","protected":false},"excerpt":{"rendered":"<p>Talde bilbotarrak Faur\u00e9ren Requiema abestuko du, Enrique Azurzaren zuzendaritzapean, Iru\u00f1eko Katedralean, maiatzaren 15ean, larunbatean; talde nafarrak, berriz, Igor Ijurra buru, Bego\u00f1ako Basilikan egingo du emanaldia, maiatzaren 22an, larunbatean. Kontzertua Georg Muffaten Sinfonia Apparatus m\u00fasico-organisticus obrako Toccata prima piezarekin hasiko da, zeinek Katedraleko organoaren hodiak dardararaziko dituen eta publikoa giroan sartuko dituen, ondoren Gabriel Faur\u00e9ren R\u00e9quiem [&hellip;]<\/p>\n","protected":false},"author":7,"featured_media":0,"comment_status":"closed","ping_status":"closed","sticky":false,"template":"","format":"standard","meta":[],"categories":[30],"tags":[],"_links":{"self":[{"href":"https:\/\/www.coraldebilbao.com\/eu\/wp-json\/wp\/v2\/posts\/21125"}],"collection":[{"href":"https:\/\/www.coraldebilbao.com\/eu\/wp-json\/wp\/v2\/posts"}],"about":[{"href":"https:\/\/www.coraldebilbao.com\/eu\/wp-json\/wp\/v2\/types\/post"}],"author":[{"embeddable":true,"href":"https:\/\/www.coraldebilbao.com\/eu\/wp-json\/wp\/v2\/users\/7"}],"replies":[{"embeddable":true,"href":"https:\/\/www.coraldebilbao.com\/eu\/wp-json\/wp\/v2\/comments?post=21125"}],"version-history":[{"count":3,"href":"https:\/\/www.coraldebilbao.com\/eu\/wp-json\/wp\/v2\/posts\/21125\/revisions"}],"predecessor-version":[{"id":21128,"href":"https:\/\/www.coraldebilbao.com\/eu\/wp-json\/wp\/v2\/posts\/21125\/revisions\/21128"}],"wp:attachment":[{"href":"https:\/\/www.coraldebilbao.com\/eu\/wp-json\/wp\/v2\/media?parent=21125"}],"wp:term":[{"taxonomy":"category","embeddable":true,"href":"https:\/\/www.coraldebilbao.com\/eu\/wp-json\/wp\/v2\/categories?post=21125"},{"taxonomy":"post_tag","embeddable":true,"href":"https:\/\/www.coraldebilbao.com\/eu\/wp-json\/wp\/v2\/tags?post=21125"}],"curies":[{"name":"wp","href":"https:\/\/api.w.org\/{rel}","templated":true}]}}