{"id":20515,"date":"2020-12-15T11:38:53","date_gmt":"2020-12-15T10:38:53","guid":{"rendered":"https:\/\/www.coraldebilbao.com\/gabonetakosoinuak2020\/"},"modified":"2020-12-15T16:42:22","modified_gmt":"2020-12-15T15:42:22","slug":"gabonetakosoinuak2020","status":"publish","type":"post","link":"https:\/\/www.coraldebilbao.com\/eu\/gabonetakosoinuak2020\/","title":{"rendered":"Gabonetako Soinuak Bizkaiko ahots gazteenekin itzuliko da"},"content":{"rendered":"<p><b>Kontzertu koral jendetsuak COVID-19aren kontrako prebentzio-neurri guztiak beteko ditu<\/b><\/p>\n<p><b>Gabonetako soinuak berriz entzungo dira Euskaldunan, CaixaBanken, \u201cla Caixa\u201d Fundazioaren eta Bizkaiko Foru Aldundiaren laguntzarekin<\/b><\/p>\n<p><b>Bilbon, 2020ko abenduaren 15ean<\/b><span style=\"font-weight: 400;\">. Larunbat honetan, abenduaren 19an, Bizkaiko ahots gazteenak Euskaldunara itzuliko dira Gabonetan; hamar edizio jarraian egin ostean, dagoeneko bigarren etxea dute jauregia. CaixaBanken, &#8220;La Caixa&#8221; Fundazioaren eta Bizkaiko Foru Aldundiaren babesari esker, auditoriumeko agertokia ezarritako edukiera-mugara arte\u00a0 beteko da Bilbo, Leioa eta Gernikako ehun koralista gaztez baino gehiagoz. Hiru taldeek bereizita abestuko dute, berrogeita hamar laguneko taldetan, betiere metro eta erdiko distantziari eutsita eta maskara babeslea jantzita.<\/span><\/p>\n<p><span style=\"font-weight: 400;\">Kontzertuak besaulki-patiotik munduko beste txoko batzuetara eramango ditu ikusleak, eta, hala, iparraldeko parajeez, Karibeko beroaz, harmonia britainiar finez eta geure folkloreaz gozatu ahal izango dute. Hasteko, Bilboko Koral Elkarteko Haurren Koruak, Jose Luis Ormazabalek zuzenduta eta Alberto S\u00e1ez Puentek pianoaz lagunduta, Ruth Morris Grayren<\/span><i><span style=\"font-weight: 400;\"> Christmas Canon of Peace<\/span><\/i><span style=\"font-weight: 400;\"> abestuko du, hala nola Kirby Shaw-Donald Mooreren <\/span><i><span style=\"font-weight: 400;\">Can I ride?<\/span><\/i><span style=\"font-weight: 400;\">, <\/span><i><span style=\"font-weight: 400;\">Montes, valles y oteros<\/span><\/i><span style=\"font-weight: 400;\"> (Aragoiko kanta herrikoia, Emma L\u00f3pezek moldatua) eta, amaitzeko, Tom\u00e1s Arag\u00fcesen<\/span><i><span style=\"font-weight: 400;\"> Haurtxo maite.<\/span><\/i><span style=\"font-weight: 400;\"> Ondoren, Leioa Kantika Koralaren txanda izango da, Basilio Astulezen zuzendaritzapean eta Itziar Bilbao, Ander Lekue, Unai Garc\u00eda eta Ane Arakistainekin; denek batera, zirrara eragingo dute publikoarengan honako abesti hauek kantatuz: Tadeja Vulcen <\/span><i><span style=\"font-weight: 400;\">O Sapientia<\/span><\/i><span style=\"font-weight: 400;\">, Ola Gjeiloren<\/span><i><span style=\"font-weight: 400;\"> Northern lights<\/span><\/i><span style=\"font-weight: 400;\">, Anna Mari K\u00e4h\u00e4r\u00e4ren<\/span><i><span style=\"font-weight: 400;\"> By the light of the moon<\/span><\/i><span style=\"font-weight: 400;\"> eta Juan Tony Guzm\u00e1nen <\/span><i><span style=\"font-weight: 400;\">\u00a1Llega la Navidad!<\/span><\/i><span style=\"font-weight: 400;\"> Hirugarrenik, Gernikako Gaudeamus Koralak, Jon Artetxe, Ania Cid, Nerea Quincoces eta Julia Foruria buruan, <\/span><i><span style=\"font-weight: 400;\">Gernikako Marijesiak<\/span><\/i><span style=\"font-weight: 400;\"> abestuko du, Jes\u00fas Mar\u00eda Sagarnak moldatua, bai eta Charles Gounoden<\/span><i><span style=\"font-weight: 400;\"> Ave Maria<\/span><\/i><span style=\"font-weight: 400;\">, Ilka Kuusistoren <\/span><i><span style=\"font-weight: 400;\">The land of music<\/span><\/i><span style=\"font-weight: 400;\"> eta George Michaelen <\/span><i><span style=\"font-weight: 400;\">Last Christmas<\/span><\/i><span style=\"font-weight: 400;\"> ere. Azkenik, talde guztietako kideek beren ahotsa batu eta Xabier Sarasolak kontzertu honetarako propio konposaturiko <\/span><i><span style=\"font-weight: 400;\">Hator hator<\/span><\/i><span style=\"font-weight: 400;\"> estreinatuko dute.<\/span><\/p>\n<p><span style=\"font-weight: 400;\">Abeslari-aldaketa horiek guztiak gazteak agertokian elkarrekin gurutzatu gabe egingo dira, <\/span><i><span style=\"font-weight: 400;\">tutti<\/span><\/i><span style=\"font-weight: 400;\">-aren unea iritsi arte, non eskarmentu handieneko berrogei koralistak besaulki-patioko terrazetan jarriko diren ikusleentzako sarreratik ez beste batetik sartuta. Kontaktua ahalik eta gehiena saihesteko, ez da eskuko egitaraurik izango; koru bakoitzaren errepertorioa eta aurkezpena alboko pantailetan azalduko dira, baita Eskolan kantari Bilboko Koral Elkartearen gizarte- eta hezkuntza- proiektuari dagozkion irudiak ere. Egitasmo horretako koruetan parte hartzen duten kideek oraindik ezin izan dute koru-prestakuntza jasotzen jarraitu, eskolaz kanpoko jarduera delako, baina urrunetik aritu dira lanean azken kantuan bideo bidez bat egiteko.<\/span><\/p>\n<p><span style=\"font-weight: 400;\">Kontzertu honetan, txikienen ilusioak helduak kutsatzen ditu, eta Xabier Madariagaren eskutik, hark bideratuko baitu ekitaldia, publikoak giro magikoaz gozatu ahal izango du. Bi emanaldi daude aurreikusita, 17:00etan eta 19:30ean, eta <\/span><a href=\"https:\/\/euskalduna.eus\/eu\/detalle\/GABONETAKO20@Janto_KB\/PAEU1\"><span style=\"font-weight: 400;\">sarrerak<\/span><\/a><span style=\"font-weight: 400;\"> Euskaldunako leihatilan daude salgai, 15 euroko prezio bakarrean.<\/span><\/p>\n<p>&nbsp;<\/p>\n<img loading=\"lazy\" class=\"alignnone size-full wp-image-20506\" src=\"https:\/\/www.coraldebilbao.com\/wp-content\/uploads\/2020\/12\/GS-REDES-CUADRADO.jpg\" alt=\"\" width=\"2083\" height=\"2083\" srcset=\"https:\/\/www.coraldebilbao.com\/wp-content\/uploads\/2020\/12\/GS-REDES-CUADRADO.jpg 2083w, https:\/\/www.coraldebilbao.com\/wp-content\/uploads\/2020\/12\/GS-REDES-CUADRADO-300x300.jpg 300w, https:\/\/www.coraldebilbao.com\/wp-content\/uploads\/2020\/12\/GS-REDES-CUADRADO-1024x1024.jpg 1024w, https:\/\/www.coraldebilbao.com\/wp-content\/uploads\/2020\/12\/GS-REDES-CUADRADO-150x150.jpg 150w, https:\/\/www.coraldebilbao.com\/wp-content\/uploads\/2020\/12\/GS-REDES-CUADRADO-768x768.jpg 768w, https:\/\/www.coraldebilbao.com\/wp-content\/uploads\/2020\/12\/GS-REDES-CUADRADO-1536x1536.jpg 1536w, https:\/\/www.coraldebilbao.com\/wp-content\/uploads\/2020\/12\/GS-REDES-CUADRADO-2048x2048.jpg 2048w\" sizes=\"(max-width: 2083px) 100vw, 2083px\" \/>\n","protected":false},"excerpt":{"rendered":"<p>Kontzertu koral jendetsuak COVID-19aren kontrako prebentzio-neurri guztiak beteko ditu Gabonetako soinuak berriz entzungo dira Euskaldunan, CaixaBanken, \u201cla Caixa\u201d Fundazioaren eta Bizkaiko Foru Aldundiaren laguntzarekin Bilbon, 2020ko abenduaren 15ean. Larunbat honetan, abenduaren 19an, Bizkaiko ahots gazteenak Euskaldunara itzuliko dira Gabonetan; hamar edizio jarraian egin ostean, dagoeneko bigarren etxea dute jauregia. CaixaBanken, &#8220;La Caixa&#8221; Fundazioaren eta Bizkaiko [&hellip;]<\/p>\n","protected":false},"author":6,"featured_media":20511,"comment_status":"closed","ping_status":"closed","sticky":false,"template":"","format":"standard","meta":[],"categories":[3,49],"tags":[],"_links":{"self":[{"href":"https:\/\/www.coraldebilbao.com\/eu\/wp-json\/wp\/v2\/posts\/20515"}],"collection":[{"href":"https:\/\/www.coraldebilbao.com\/eu\/wp-json\/wp\/v2\/posts"}],"about":[{"href":"https:\/\/www.coraldebilbao.com\/eu\/wp-json\/wp\/v2\/types\/post"}],"author":[{"embeddable":true,"href":"https:\/\/www.coraldebilbao.com\/eu\/wp-json\/wp\/v2\/users\/6"}],"replies":[{"embeddable":true,"href":"https:\/\/www.coraldebilbao.com\/eu\/wp-json\/wp\/v2\/comments?post=20515"}],"version-history":[{"count":3,"href":"https:\/\/www.coraldebilbao.com\/eu\/wp-json\/wp\/v2\/posts\/20515\/revisions"}],"predecessor-version":[{"id":20520,"href":"https:\/\/www.coraldebilbao.com\/eu\/wp-json\/wp\/v2\/posts\/20515\/revisions\/20520"}],"wp:featuredmedia":[{"embeddable":true,"href":"https:\/\/www.coraldebilbao.com\/eu\/wp-json\/wp\/v2\/media\/20511"}],"wp:attachment":[{"href":"https:\/\/www.coraldebilbao.com\/eu\/wp-json\/wp\/v2\/media?parent=20515"}],"wp:term":[{"taxonomy":"category","embeddable":true,"href":"https:\/\/www.coraldebilbao.com\/eu\/wp-json\/wp\/v2\/categories?post=20515"},{"taxonomy":"post_tag","embeddable":true,"href":"https:\/\/www.coraldebilbao.com\/eu\/wp-json\/wp\/v2\/tags?post=20515"}],"curies":[{"name":"wp","href":"https:\/\/api.w.org\/{rel}","templated":true}]}}