{"id":19001,"date":"2019-10-17T10:21:32","date_gmt":"2019-10-17T08:21:32","guid":{"rendered":"https:\/\/www.coraldebilbao.com\/aspanovas-celebra-su-30-aniversario-con-un-concierto-solidario-infantil-acompanado-de-la-sociedad-coral-de-bilbao\/"},"modified":"2019-10-17T10:21:32","modified_gmt":"2019-10-17T08:21:32","slug":"aspanovas-celebra-su-30-aniversario-con-un-concierto-solidario-infantil-acompanado-de-la-sociedad-coral-de-bilbao","status":"publish","type":"post","link":"https:\/\/www.coraldebilbao.com\/eu\/aspanovas-celebra-su-30-aniversario-con-un-concierto-solidario-infantil-acompanado-de-la-sociedad-coral-de-bilbao\/","title":{"rendered":"ASPANOVAS celebra su 30 aniversario con un concierto solidario infantil acompa\u00f1ado de La Sociedad Coral de Bilbao"},"content":{"rendered":"\n<p>El pr\u00f3ximo s\u00e1bado, 19 de octubre el Teatro Campos Eliseos de Bilbao acoge el concierto solidario ASPANOVAS 30 URTE con el Coro Infantil y la Orquesta Luis Guridi de la Sociedad Coral de Bilbao. La actuaci\u00f3n contar\u00e1, adem\u00e1s, con la colaboraci\u00f3n de los payasos Pirritx, Porrotx eta Marimotots y dar\u00e1 comienzo a las 12:00h. Las entradas se encuentran disponibles en la taquilla del mismo teatro y en su p\u00e1gina web.<\/p>\n\n\n\n<p><br>ASPANOVAS, la asociaci\u00f3n de padres y madres de ni\u00f1o, ni\u00f1as y adolescentes con c\u00e1ncer de Bizkaia cumple 30 a\u00f1os y en el marco de esta celebraci\u00f3n, impulsado por La Sociedad Coral de Bilbao, ha organizado este concierto para compartir con los mas peques y sus familiares dicho cumplea\u00f1os. Adem\u00e1s de poder disfrutar de una ma\u00f1ana de m\u00fasica en familia, el evento tendr\u00e1 el objetivo de recaudar fondos para la asociaci\u00f3n, a fin de poder seguir impulsando los talleres terap\u00e9uticos que la entidad lleva a cabo en la Unidad de Oncolog\u00eda Pedi\u00e1trica del Hospital Universitario de Cruces.<br><br><\/p>\n","protected":false},"excerpt":{"rendered":"<p>El pr\u00f3ximo s\u00e1bado, 19 de octubre el Teatro Campos Eliseos de Bilbao acoge el concierto solidario ASPANOVAS 30 URTE con el Coro Infantil y la Orquesta Luis Guridi de la Sociedad Coral de Bilbao. La actuaci\u00f3n contar\u00e1, adem\u00e1s, con la colaboraci\u00f3n de los payasos Pirritx, Porrotx eta Marimotots y dar\u00e1 comienzo a las 12:00h. Las [&hellip;]<\/p>\n","protected":false},"author":6,"featured_media":18997,"comment_status":"closed","ping_status":"closed","sticky":false,"template":"","format":"standard","meta":[],"categories":[30],"tags":[],"_links":{"self":[{"href":"https:\/\/www.coraldebilbao.com\/eu\/wp-json\/wp\/v2\/posts\/19001"}],"collection":[{"href":"https:\/\/www.coraldebilbao.com\/eu\/wp-json\/wp\/v2\/posts"}],"about":[{"href":"https:\/\/www.coraldebilbao.com\/eu\/wp-json\/wp\/v2\/types\/post"}],"author":[{"embeddable":true,"href":"https:\/\/www.coraldebilbao.com\/eu\/wp-json\/wp\/v2\/users\/6"}],"replies":[{"embeddable":true,"href":"https:\/\/www.coraldebilbao.com\/eu\/wp-json\/wp\/v2\/comments?post=19001"}],"version-history":[{"count":0,"href":"https:\/\/www.coraldebilbao.com\/eu\/wp-json\/wp\/v2\/posts\/19001\/revisions"}],"wp:featuredmedia":[{"embeddable":true,"href":"https:\/\/www.coraldebilbao.com\/eu\/wp-json\/wp\/v2\/media\/18997"}],"wp:attachment":[{"href":"https:\/\/www.coraldebilbao.com\/eu\/wp-json\/wp\/v2\/media?parent=19001"}],"wp:term":[{"taxonomy":"category","embeddable":true,"href":"https:\/\/www.coraldebilbao.com\/eu\/wp-json\/wp\/v2\/categories?post=19001"},{"taxonomy":"post_tag","embeddable":true,"href":"https:\/\/www.coraldebilbao.com\/eu\/wp-json\/wp\/v2\/tags?post=19001"}],"curies":[{"name":"wp","href":"https:\/\/api.w.org\/{rel}","templated":true}]}}