{"id":15065,"date":"2015-10-09T12:12:19","date_gmt":"2015-10-09T11:12:19","guid":{"rendered":"https:\/\/www.coraldebilbao.com\/?p=15065"},"modified":"2015-10-09T12:12:19","modified_gmt":"2015-10-09T11:12:19","slug":"bilboko-koral-elkartea-valentziako-orkestraren-abonu-denboraldian-beethovenen-ix-sinfoniarekin","status":"publish","type":"post","link":"https:\/\/www.coraldebilbao.com\/eu\/bilboko-koral-elkartea-valentziako-orkestraren-abonu-denboraldian-beethovenen-ix-sinfoniarekin\/","title":{"rendered":"Bilboko Koral Elkartea Valentziako Orkestraren abonu denboraldian Beethovenen IX Sinfoniarekin"},"content":{"rendered":"<p>Bilboko Koral Elkarteak Valentziako Orkestraren abonu denboraldian lehenengo kontzertuan parte hartuko du urriaren 16an Musikako Palaun. Yaron Traub, orkestrako zuzendari titularrak\u00a0 L.V. Beethovenen \u201cIX Sinfonia\u201d zuzenduko du. Bakarlariak izango dira: Isabel Molar, sopranoa, Cristina Faus, mezzosopranoa, Gustavo Pe\u00f1a, Tenorea eta Jos\u00e9 Antonio L\u00f3pez, baritonoa.<\/p>\n<p>Kontzertua Rafael Fr\u00fcbeck de Burgosen, ihaz hil zela, omenaldia izango da. Orkestrak Albenizen eta Fr\u00fcbecken \u201cSuite espa\u00f1ola n\u00ba47\u201d joko du.<\/p>\n<p>Fr\u00fcbeck ospetsua koraleko zuzendaria izan zen 70 hamarkadan eta gero Orkestra Nazionaleko zuzendaria izan zen.<\/p>\n","protected":false},"excerpt":{"rendered":"<p>Bilboko Koral Elkarteak Valentziako Orkestraren abonu denboraldian lehenengo kontzertuan parte hartuko du urriaren 16an Musikako Palaun. Yaron Traub, orkestrako zuzendari titularrak\u00a0 L.V. Beethovenen \u201cIX Sinfonia\u201d zuzenduko du. Bakarlariak izango dira: Isabel Molar, sopranoa, Cristina Faus, mezzosopranoa, Gustavo Pe\u00f1a, Tenorea eta Jos\u00e9 Antonio L\u00f3pez, baritonoa. Kontzertua Rafael Fr\u00fcbeck de Burgosen, ihaz hil zela, omenaldia izango da. [&hellip;]<\/p>\n","protected":false},"author":6,"featured_media":15064,"comment_status":"closed","ping_status":"closed","sticky":false,"template":"","format":"standard","meta":[],"categories":[30],"tags":[],"_links":{"self":[{"href":"https:\/\/www.coraldebilbao.com\/eu\/wp-json\/wp\/v2\/posts\/15065"}],"collection":[{"href":"https:\/\/www.coraldebilbao.com\/eu\/wp-json\/wp\/v2\/posts"}],"about":[{"href":"https:\/\/www.coraldebilbao.com\/eu\/wp-json\/wp\/v2\/types\/post"}],"author":[{"embeddable":true,"href":"https:\/\/www.coraldebilbao.com\/eu\/wp-json\/wp\/v2\/users\/6"}],"replies":[{"embeddable":true,"href":"https:\/\/www.coraldebilbao.com\/eu\/wp-json\/wp\/v2\/comments?post=15065"}],"version-history":[{"count":0,"href":"https:\/\/www.coraldebilbao.com\/eu\/wp-json\/wp\/v2\/posts\/15065\/revisions"}],"wp:featuredmedia":[{"embeddable":true,"href":"https:\/\/www.coraldebilbao.com\/eu\/wp-json\/wp\/v2\/media\/15064"}],"wp:attachment":[{"href":"https:\/\/www.coraldebilbao.com\/eu\/wp-json\/wp\/v2\/media?parent=15065"}],"wp:term":[{"taxonomy":"category","embeddable":true,"href":"https:\/\/www.coraldebilbao.com\/eu\/wp-json\/wp\/v2\/categories?post=15065"},{"taxonomy":"post_tag","embeddable":true,"href":"https:\/\/www.coraldebilbao.com\/eu\/wp-json\/wp\/v2\/tags?post=15065"}],"curies":[{"name":"wp","href":"https:\/\/api.w.org\/{rel}","templated":true}]}}